{"id":864,"date":"2019-11-14T08:50:51","date_gmt":"2019-11-14T08:50:51","guid":{"rendered":"http:\/\/www.kirbiyik.av.tr\/en\/?p=864"},"modified":"2022-11-23T00:35:17","modified_gmt":"2022-11-23T00:35:17","slug":"galatasaray-2","status":"publish","type":"post","link":"https:\/\/www.kirbiyik.av.tr\/en\/galatasaray-2\/","title":{"rendered":"Founder of K\u0131rb\u0131y\u0131k Law Firm, Att. \u00d6mer Faruk K\u0131rb\u0131y\u0131k presented statements on the Galatasaray Release Case to A Spor"},"content":{"rendered":"\t\t<div data-elementor-type=\"wp-post\" data-elementor-id=\"864\" class=\"elementor elementor-864\">\n\t\t\t\t\t\t<div class=\"elementor-inner\">\n\t\t\t\t<div class=\"elementor-section-wrap\">\n\t\t\t\t\t\t\t\t\t<section class=\"elementor-section elementor-top-section elementor-element elementor-element-6f6d611f elementor-hidden-tablet elementor-hidden-phone elementor-section-boxed elementor-section-height-default elementor-section-height-default\" data-id=\"6f6d611f\" data-element_type=\"section\">\n\t\t\t\t\t\t<div class=\"elementor-container elementor-column-gap-default\">\n\t\t\t\t\t\t\t<div class=\"elementor-row\">\n\t\t\t\t\t<div class=\"elementor-column elementor-col-33 elementor-top-column elementor-element elementor-element-19e34b7b\" data-id=\"19e34b7b\" data-element_type=\"column\">\n\t\t\t<div class=\"elementor-column-wrap\">\n\t\t\t\t\t\t\t<div class=\"elementor-widget-wrap\">\n\t\t\t\t\t\t\t\t<\/div>\n\t\t\t\t\t<\/div>\n\t\t<\/div>\n\t\t\t\t<div class=\"elementor-column elementor-col-33 elementor-top-column elementor-element elementor-element-57ee3ec4\" data-id=\"57ee3ec4\" data-element_type=\"column\">\n\t\t\t<div class=\"elementor-column-wrap elementor-element-populated\">\n\t\t\t\t\t\t\t<div class=\"elementor-widget-wrap\">\n\t\t\t\t\t\t<div class=\"elementor-element elementor-element-24500bc9 elementor-widget elementor-widget-heading\" data-id=\"24500bc9\" data-element_type=\"widget\" data-widget_type=\"heading.default\">\n\t\t\t\t<div class=\"elementor-widget-container\">\n\t\t\t<h2 class=\"elementor-heading-title elementor-size-default\">Founder of K\u0131rb\u0131y\u0131k Law Firm, Att. \u00d6mer Faruk K\u0131rb\u0131y\u0131k presented statements on the Galatasaray Release Case to A Spor. <\/h2>\t\t<\/div>\n\t\t\t\t<\/div>\n\t\t\t\t<div class=\"elementor-element elementor-element-774a2e1 elementor-widget elementor-widget-image\" data-id=\"774a2e1\" data-element_type=\"widget\" data-widget_type=\"image.default\">\n\t\t\t\t<div class=\"elementor-widget-container\">\n\t\t\t\t\t\t\t\t<div class=\"elementor-image\">\n\t\t\t\t\t\t\t\t\t\t\t\t\t<a href=\"https:\/\/www.fotomac.com.tr\/webtv\/videoizle\/galatasaray-yonetimi-secime-gitmek-zorunda-degil\">\n\t\t\t\t\t\t\t<img decoding=\"async\" width=\"1024\" height=\"683\" src=\"https:\/\/www.kirbiyik.av.tr\/en\/wp-content\/uploads\/2020\/09\/post-visual-haber-video-1024x683.jpg\" class=\"attachment-large size-large wp-image-858\" alt=\"\" loading=\"lazy\" srcset=\"https:\/\/www.kirbiyik.av.tr\/en\/wp-content\/uploads\/2020\/09\/post-visual-haber-video-1024x683.jpg 1024w, https:\/\/www.kirbiyik.av.tr\/en\/wp-content\/uploads\/2020\/09\/post-visual-haber-video-300x200.jpg 300w, https:\/\/www.kirbiyik.av.tr\/en\/wp-content\/uploads\/2020\/09\/post-visual-haber-video-768x512.jpg 768w, https:\/\/www.kirbiyik.av.tr\/en\/wp-content\/uploads\/2020\/09\/post-visual-haber-video-219x146.jpg 219w, https:\/\/www.kirbiyik.av.tr\/en\/wp-content\/uploads\/2020\/09\/post-visual-haber-video-50x33.jpg 50w, https:\/\/www.kirbiyik.av.tr\/en\/wp-content\/uploads\/2020\/09\/post-visual-haber-video-113x75.jpg 113w, https:\/\/www.kirbiyik.av.tr\/en\/wp-content\/uploads\/2020\/09\/post-visual-haber-video-272x182.jpg 272w, https:\/\/www.kirbiyik.av.tr\/en\/wp-content\/uploads\/2020\/09\/post-visual-haber-video.jpg 1200w\" sizes=\"(max-width: 1024px) 100vw, 1024px\" \/>\t\t\t\t\t\t\t\t<\/a>\n\t\t\t\t\t\t\t\t\t\t\t\t\t\t<\/div>\n\t\t\t\t\t\t<\/div>\n\t\t\t\t<\/div>\n\t\t\t\t<div class=\"elementor-element elementor-element-a29c74f elementor-widget elementor-widget-text-editor\" data-id=\"a29c74f\" data-element_type=\"widget\" data-widget_type=\"text-editor.default\">\n\t\t\t\t<div class=\"elementor-widget-container\">\n\t\t\t\t\t\t\t\t<div class=\"elementor-text-editor elementor-clearfix\">\n\t\t\t\t<p>Founder of K\u0131rb\u0131y\u0131k Law Firm, Att. \u00d6mer Faruk K\u0131rb\u0131y\u0131k presented statements to A Spor on air regarding the decision taken by the Court of Appeal on the injunction that eliminates the consequences of the administrative non-release of the Galatasaray Board of Directors.<\/p><p>Sources: <a href=\"https:\/\/www.fotomac.com.tr\/webtv\/videoizle\/galatasaray-yonetimi-secime-gitmek-zorunda-degil\" target=\"_blank\" rel=\"noopener\">Fotoma\u00e7<\/a><\/p>\t\t\t\t\t<\/div>\n\t\t\t\t\t\t<\/div>\n\t\t\t\t<\/div>\n\t\t\t\t\t\t<\/div>\n\t\t\t\t\t<\/div>\n\t\t<\/div>\n\t\t\t\t<div class=\"elementor-column elementor-col-33 elementor-top-column elementor-element elementor-element-285422f5\" data-id=\"285422f5\" data-element_type=\"column\">\n\t\t\t<div class=\"elementor-column-wrap\">\n\t\t\t\t\t\t\t<div class=\"elementor-widget-wrap\">\n\t\t\t\t\t\t\t\t<\/div>\n\t\t\t\t\t<\/div>\n\t\t<\/div>\n\t\t\t\t\t\t\t\t<\/div>\n\t\t\t\t\t<\/div>\n\t\t<\/section>\n\t\t\t\t<section class=\"elementor-section elementor-top-section elementor-element elementor-element-49ffc4b1 elementor-section-stretched elementor-section-full_width elementor-hidden-desktop elementor-hidden-tablet elementor-section-height-default elementor-section-height-default\" data-id=\"49ffc4b1\" data-element_type=\"section\" data-settings=\"{&quot;stretch_section&quot;:&quot;section-stretched&quot;}\">\n\t\t\t\t\t\t<div class=\"elementor-container elementor-column-gap-default\">\n\t\t\t\t\t\t\t<div class=\"elementor-row\">\n\t\t\t\t\t<div class=\"elementor-column elementor-col-33 elementor-top-column elementor-element elementor-element-5a781f0e\" data-id=\"5a781f0e\" data-element_type=\"column\">\n\t\t\t<div class=\"elementor-column-wrap\">\n\t\t\t\t\t\t\t<div class=\"elementor-widget-wrap\">\n\t\t\t\t\t\t\t\t<\/div>\n\t\t\t\t\t<\/div>\n\t\t<\/div>\n\t\t\t\t<div class=\"elementor-column elementor-col-33 elementor-top-column elementor-element elementor-element-2e033c42\" data-id=\"2e033c42\" data-element_type=\"column\">\n\t\t\t<div class=\"elementor-column-wrap elementor-element-populated\">\n\t\t\t\t\t\t\t<div class=\"elementor-widget-wrap\">\n\t\t\t\t\t\t<div class=\"elementor-element elementor-element-10770a51 elementor-widget elementor-widget-heading\" data-id=\"10770a51\" data-element_type=\"widget\" data-widget_type=\"heading.default\">\n\t\t\t\t<div class=\"elementor-widget-container\">\n\t\t\t<h2 class=\"elementor-heading-title elementor-size-default\">Founder of K\u0131rb\u0131y\u0131k Law Firm, Att. \u00d6mer Faruk K\u0131rb\u0131y\u0131k presented statements on the Galatasaray Release Case to A Spor.<\/h2>\t\t<\/div>\n\t\t\t\t<\/div>\n\t\t\t\t<div class=\"elementor-element elementor-element-977c548 elementor-widget elementor-widget-image\" data-id=\"977c548\" data-element_type=\"widget\" data-widget_type=\"image.default\">\n\t\t\t\t<div class=\"elementor-widget-container\">\n\t\t\t\t\t\t\t\t<div class=\"elementor-image\">\n\t\t\t\t\t\t\t\t\t\t\t\t\t<a href=\"https:\/\/www.fotomac.com.tr\/webtv\/videoizle\/galatasaray-yonetimi-secime-gitmek-zorunda-degil\">\n\t\t\t\t\t\t\t<img decoding=\"async\" width=\"1024\" height=\"683\" src=\"https:\/\/www.kirbiyik.av.tr\/en\/wp-content\/uploads\/2020\/09\/post-visual-haber-video-1024x683.jpg\" class=\"attachment-large size-large wp-image-858\" alt=\"\" loading=\"lazy\" srcset=\"https:\/\/www.kirbiyik.av.tr\/en\/wp-content\/uploads\/2020\/09\/post-visual-haber-video-1024x683.jpg 1024w, https:\/\/www.kirbiyik.av.tr\/en\/wp-content\/uploads\/2020\/09\/post-visual-haber-video-300x200.jpg 300w, https:\/\/www.kirbiyik.av.tr\/en\/wp-content\/uploads\/2020\/09\/post-visual-haber-video-768x512.jpg 768w, https:\/\/www.kirbiyik.av.tr\/en\/wp-content\/uploads\/2020\/09\/post-visual-haber-video-219x146.jpg 219w, https:\/\/www.kirbiyik.av.tr\/en\/wp-content\/uploads\/2020\/09\/post-visual-haber-video-50x33.jpg 50w, https:\/\/www.kirbiyik.av.tr\/en\/wp-content\/uploads\/2020\/09\/post-visual-haber-video-113x75.jpg 113w, https:\/\/www.kirbiyik.av.tr\/en\/wp-content\/uploads\/2020\/09\/post-visual-haber-video-272x182.jpg 272w, https:\/\/www.kirbiyik.av.tr\/en\/wp-content\/uploads\/2020\/09\/post-visual-haber-video.jpg 1200w\" sizes=\"(max-width: 1024px) 100vw, 1024px\" \/>\t\t\t\t\t\t\t\t<\/a>\n\t\t\t\t\t\t\t\t\t\t\t\t\t\t<\/div>\n\t\t\t\t\t\t<\/div>\n\t\t\t\t<\/div>\n\t\t\t\t<div class=\"elementor-element elementor-element-60956807 elementor-widget elementor-widget-text-editor\" data-id=\"60956807\" data-element_type=\"widget\" data-widget_type=\"text-editor.default\">\n\t\t\t\t<div class=\"elementor-widget-container\">\n\t\t\t\t\t\t\t\t<div class=\"elementor-text-editor elementor-clearfix\">\n\t\t\t\t<p>Founder of K\u0131rb\u0131y\u0131k Law Firm, Att. \u00d6mer Faruk K\u0131rb\u0131y\u0131k presented statements to A Spor on air regarding the decision taken by the Court of Appeal on the injunction that eliminates the consequences of the administrative non-release of the Galatasaray Board of Directors.<\/p><p><em>Sources<\/em>: <a href=\"https:\/\/www.fotomac.com.tr\/webtv\/videoizle\/galatasaray-yonetimi-secime-gitmek-zorunda-degil\" target=\"_blank\" rel=\"noopener\">Fotoma\u00e7<\/a><\/p>\t\t\t\t\t<\/div>\n\t\t\t\t\t\t<\/div>\n\t\t\t\t<\/div>\n\t\t\t\t\t\t<\/div>\n\t\t\t\t\t<\/div>\n\t\t<\/div>\n\t\t\t\t<div class=\"elementor-column elementor-col-33 elementor-top-column elementor-element elementor-element-73915fa5\" data-id=\"73915fa5\" data-element_type=\"column\">\n\t\t\t<div class=\"elementor-column-wrap\">\n\t\t\t\t\t\t\t<div class=\"elementor-widget-wrap\">\n\t\t\t\t\t\t\t\t<\/div>\n\t\t\t\t\t<\/div>\n\t\t<\/div>\n\t\t\t\t\t\t\t\t<\/div>\n\t\t\t\t\t<\/div>\n\t\t<\/section>\n\t\t\t\t\t\t\t\t\t<\/div>\n\t\t\t<\/div>\n\t\t\t\t\t<\/div>\n\t\t","protected":false},"excerpt":{"rendered":"<p>Att. \u00d6mer Faruk K\u0131rb\u0131y\u0131k presented statements to A Spor on air regarding the injunction that eliminates the consequences of the administrative non-release of the Galatasaray Board of Directors.<\/p>\n","protected":false},"author":1,"featured_media":829,"comment_status":"closed","ping_status":"open","sticky":false,"template":"","format":"standard","meta":[],"categories":[56,51],"tags":[68,74,70,66,61,73,67,75,72,76,69,60,71],"yoast_head":"<!-- This site is optimized with the Yoast SEO plugin v20.8 - https:\/\/yoast.com\/wordpress\/plugins\/seo\/ -->\n<title>Founder of K\u0131rb\u0131y\u0131k Law Firm, Att. \u00d6mer Faruk K\u0131rb\u0131y\u0131k presented statements on the Galatasaray Release Case to A Spor | K\u0131rb\u0131y\u0131k Law Firm<\/title>\n<meta name=\"robots\" content=\"index, follow, max-snippet:-1, max-image-preview:large, max-video-preview:-1\" \/>\n<link rel=\"canonical\" href=\"https:\/\/www.kirbiyik.av.tr\/en\/galatasaray-2\/\" \/>\n<meta property=\"og:locale\" content=\"en_US\" \/>\n<meta property=\"og:type\" content=\"article\" \/>\n<meta property=\"og:title\" content=\"Founder of K\u0131rb\u0131y\u0131k Law Firm, Att. \u00d6mer Faruk K\u0131rb\u0131y\u0131k presented statements on the Galatasaray Release Case to A Spor | K\u0131rb\u0131y\u0131k Law Firm\" \/>\n<meta property=\"og:description\" content=\"Att. \u00d6mer Faruk K\u0131rb\u0131y\u0131k presented statements to A Spor on air regarding the injunction that eliminates the consequences of the administrative non-release of the Galatasaray Board of Directors.\" \/>\n<meta property=\"og:url\" content=\"https:\/\/www.kirbiyik.av.tr\/en\/galatasaray-2\/\" \/>\n<meta property=\"og:site_name\" content=\"K\u0131rb\u0131y\u0131k Law Firm\" \/>\n<meta property=\"article:published_time\" content=\"2019-11-14T08:50:51+00:00\" \/>\n<meta property=\"article:modified_time\" content=\"2022-11-23T00:35:17+00:00\" \/>\n<meta property=\"og:image\" content=\"https:\/\/www.kirbiyik.av.tr\/en\/wp-content\/uploads\/2020\/09\/11-11-2019-kirbiyik-gs-1.jpg\" \/>\n\t<meta property=\"og:image:width\" content=\"1200\" \/>\n\t<meta property=\"og:image:height\" content=\"800\" \/>\n\t<meta property=\"og:image:type\" content=\"image\/jpeg\" \/>\n<meta name=\"author\" content=\"K\u0131rb\u0131y\u0131k Hukuk B\u00fcrosu\" \/>\n<meta name=\"twitter:card\" content=\"summary_large_image\" \/>\n<meta name=\"twitter:label1\" content=\"Written by\" \/>\n\t<meta name=\"twitter:data1\" content=\"K\u0131rb\u0131y\u0131k Hukuk B\u00fcrosu\" \/>\n\t<meta name=\"twitter:label2\" content=\"Est. reading time\" \/>\n\t<meta name=\"twitter:data2\" content=\"1 minute\" \/>\n<script type=\"application\/ld+json\" class=\"yoast-schema-graph\">{\"@context\":\"https:\/\/schema.org\",\"@graph\":[{\"@type\":\"Article\",\"@id\":\"https:\/\/www.kirbiyik.av.tr\/en\/galatasaray-2\/#article\",\"isPartOf\":{\"@id\":\"https:\/\/www.kirbiyik.av.tr\/en\/galatasaray-2\/\"},\"author\":{\"name\":\"K\u0131rb\u0131y\u0131k Hukuk B\u00fcrosu\",\"@id\":\"https:\/\/www.kirbiyik.av.tr\/en\/#\/schema\/person\/89d8902a861707f03dedbee8d4e882d1\"},\"headline\":\"Founder of K\u0131rb\u0131y\u0131k Law Firm, Att. \u00d6mer Faruk K\u0131rb\u0131y\u0131k presented statements on the Galatasaray Release Case to A Spor\",\"datePublished\":\"2019-11-14T08:50:51+00:00\",\"dateModified\":\"2022-11-23T00:35:17+00:00\",\"mainEntityOfPage\":{\"@id\":\"https:\/\/www.kirbiyik.av.tr\/en\/galatasaray-2\/\"},\"wordCount\":175,\"publisher\":{\"@id\":\"https:\/\/www.kirbiyik.av.tr\/en\/#organization\"},\"keywords\":[\"Consultant\",\"Corporate\",\"Funding\",\"Investment\",\"Istanbul\",\"Istanbul Lawyer\",\"Lawyer\",\"Litigation and Dispute Resolution\",\"Maslak Lawyer\",\"Mergers and Acquisition\",\"Startups\",\"Turkey\",\"Venture Capital Investments\"],\"articleSection\":[\"All\",\"News\"],\"inLanguage\":\"en-US\"},{\"@type\":\"WebPage\",\"@id\":\"https:\/\/www.kirbiyik.av.tr\/en\/galatasaray-2\/\",\"url\":\"https:\/\/www.kirbiyik.av.tr\/en\/galatasaray-2\/\",\"name\":\"Founder of K\u0131rb\u0131y\u0131k Law Firm, Att. \u00d6mer Faruk K\u0131rb\u0131y\u0131k presented statements on the Galatasaray Release Case to A Spor | K\u0131rb\u0131y\u0131k Law Firm\",\"isPartOf\":{\"@id\":\"https:\/\/www.kirbiyik.av.tr\/en\/#website\"},\"datePublished\":\"2019-11-14T08:50:51+00:00\",\"dateModified\":\"2022-11-23T00:35:17+00:00\",\"breadcrumb\":{\"@id\":\"https:\/\/www.kirbiyik.av.tr\/en\/galatasaray-2\/#breadcrumb\"},\"inLanguage\":\"en-US\",\"potentialAction\":[{\"@type\":\"ReadAction\",\"target\":[\"https:\/\/www.kirbiyik.av.tr\/en\/galatasaray-2\/\"]}]},{\"@type\":\"BreadcrumbList\",\"@id\":\"https:\/\/www.kirbiyik.av.tr\/en\/galatasaray-2\/#breadcrumb\",\"itemListElement\":[{\"@type\":\"ListItem\",\"position\":1,\"name\":\"Home\",\"item\":\"https:\/\/www.kirbiyik.av.tr\/en\/\"},{\"@type\":\"ListItem\",\"position\":2,\"name\":\"Founder of K\u0131rb\u0131y\u0131k Law Firm, Att. \u00d6mer Faruk K\u0131rb\u0131y\u0131k presented statements on the Galatasaray Release Case to A Spor\"}]},{\"@type\":\"WebSite\",\"@id\":\"https:\/\/www.kirbiyik.av.tr\/en\/#website\",\"url\":\"https:\/\/www.kirbiyik.av.tr\/en\/\",\"name\":\"K\u0131rb\u0131y\u0131k Law Firm\",\"description\":\"Avukat \u00d6mer K\u0131rb\u0131y\u0131k\",\"publisher\":{\"@id\":\"https:\/\/www.kirbiyik.av.tr\/en\/#organization\"},\"potentialAction\":[{\"@type\":\"SearchAction\",\"target\":{\"@type\":\"EntryPoint\",\"urlTemplate\":\"https:\/\/www.kirbiyik.av.tr\/en\/?s={search_term_string}\"},\"query-input\":\"required name=search_term_string\"}],\"inLanguage\":\"en-US\"},{\"@type\":\"Organization\",\"@id\":\"https:\/\/www.kirbiyik.av.tr\/en\/#organization\",\"name\":\"K\u0131rb\u0131y\u0131k Law Firm\",\"url\":\"https:\/\/www.kirbiyik.av.tr\/en\/\",\"logo\":{\"@type\":\"ImageObject\",\"inLanguage\":\"en-US\",\"@id\":\"https:\/\/www.kirbiyik.av.tr\/en\/#\/schema\/logo\/image\/\",\"url\":\"https:\/\/www.kirbiyik.av.tr\/en\/wp-content\/uploads\/2023\/06\/kiribiyik-logo.jpeg\",\"contentUrl\":\"https:\/\/www.kirbiyik.av.tr\/en\/wp-content\/uploads\/2023\/06\/kiribiyik-logo.jpeg\",\"width\":200,\"height\":200,\"caption\":\"K\u0131rb\u0131y\u0131k Law Firm\"},\"image\":{\"@id\":\"https:\/\/www.kirbiyik.av.tr\/en\/#\/schema\/logo\/image\/\"},\"sameAs\":[\"https:\/\/www.linkedin.com\/company\/kirbiyik-law-firm\/\"]},{\"@type\":\"Person\",\"@id\":\"https:\/\/www.kirbiyik.av.tr\/en\/#\/schema\/person\/89d8902a861707f03dedbee8d4e882d1\",\"name\":\"K\u0131rb\u0131y\u0131k Hukuk B\u00fcrosu\",\"image\":{\"@type\":\"ImageObject\",\"inLanguage\":\"en-US\",\"@id\":\"https:\/\/www.kirbiyik.av.tr\/en\/#\/schema\/person\/image\/\",\"url\":\"https:\/\/secure.gravatar.com\/avatar\/dae4b81e0c66fbaefac71718e8d23180?s=96&d=mm&r=g\",\"contentUrl\":\"https:\/\/secure.gravatar.com\/avatar\/dae4b81e0c66fbaefac71718e8d23180?s=96&d=mm&r=g\",\"caption\":\"K\u0131rb\u0131y\u0131k Hukuk B\u00fcrosu\"},\"sameAs\":[\"http:\/\/www.kirbiyik.av.tr\/en\"],\"url\":\"https:\/\/www.kirbiyik.av.tr\/en\/author\/admin\/\"}]}<\/script>\n<!-- \/ Yoast SEO plugin. -->","yoast_head_json":{"title":"Founder of K\u0131rb\u0131y\u0131k Law Firm, Att. \u00d6mer Faruk K\u0131rb\u0131y\u0131k presented statements on the Galatasaray Release Case to A Spor | K\u0131rb\u0131y\u0131k Law Firm","robots":{"index":"index","follow":"follow","max-snippet":"max-snippet:-1","max-image-preview":"max-image-preview:large","max-video-preview":"max-video-preview:-1"},"canonical":"https:\/\/www.kirbiyik.av.tr\/en\/galatasaray-2\/","og_locale":"en_US","og_type":"article","og_title":"Founder of K\u0131rb\u0131y\u0131k Law Firm, Att. \u00d6mer Faruk K\u0131rb\u0131y\u0131k presented statements on the Galatasaray Release Case to A Spor | K\u0131rb\u0131y\u0131k Law Firm","og_description":"Att. \u00d6mer Faruk K\u0131rb\u0131y\u0131k presented statements to A Spor on air regarding the injunction that eliminates the consequences of the administrative non-release of the Galatasaray Board of Directors.","og_url":"https:\/\/www.kirbiyik.av.tr\/en\/galatasaray-2\/","og_site_name":"K\u0131rb\u0131y\u0131k Law Firm","article_published_time":"2019-11-14T08:50:51+00:00","article_modified_time":"2022-11-23T00:35:17+00:00","og_image":[{"width":1200,"height":800,"url":"https:\/\/www.kirbiyik.av.tr\/en\/wp-content\/uploads\/2020\/09\/11-11-2019-kirbiyik-gs-1.jpg","type":"image\/jpeg"}],"author":"K\u0131rb\u0131y\u0131k Hukuk B\u00fcrosu","twitter_card":"summary_large_image","twitter_misc":{"Written by":"K\u0131rb\u0131y\u0131k Hukuk B\u00fcrosu","Est. reading time":"1 minute"},"schema":{"@context":"https:\/\/schema.org","@graph":[{"@type":"Article","@id":"https:\/\/www.kirbiyik.av.tr\/en\/galatasaray-2\/#article","isPartOf":{"@id":"https:\/\/www.kirbiyik.av.tr\/en\/galatasaray-2\/"},"author":{"name":"K\u0131rb\u0131y\u0131k Hukuk B\u00fcrosu","@id":"https:\/\/www.kirbiyik.av.tr\/en\/#\/schema\/person\/89d8902a861707f03dedbee8d4e882d1"},"headline":"Founder of K\u0131rb\u0131y\u0131k Law Firm, Att. \u00d6mer Faruk K\u0131rb\u0131y\u0131k presented statements on the Galatasaray Release Case to A Spor","datePublished":"2019-11-14T08:50:51+00:00","dateModified":"2022-11-23T00:35:17+00:00","mainEntityOfPage":{"@id":"https:\/\/www.kirbiyik.av.tr\/en\/galatasaray-2\/"},"wordCount":175,"publisher":{"@id":"https:\/\/www.kirbiyik.av.tr\/en\/#organization"},"keywords":["Consultant","Corporate","Funding","Investment","Istanbul","Istanbul Lawyer","Lawyer","Litigation and Dispute Resolution","Maslak Lawyer","Mergers and Acquisition","Startups","Turkey","Venture Capital Investments"],"articleSection":["All","News"],"inLanguage":"en-US"},{"@type":"WebPage","@id":"https:\/\/www.kirbiyik.av.tr\/en\/galatasaray-2\/","url":"https:\/\/www.kirbiyik.av.tr\/en\/galatasaray-2\/","name":"Founder of K\u0131rb\u0131y\u0131k Law Firm, Att. \u00d6mer Faruk K\u0131rb\u0131y\u0131k presented statements on the Galatasaray Release Case to A Spor | K\u0131rb\u0131y\u0131k Law Firm","isPartOf":{"@id":"https:\/\/www.kirbiyik.av.tr\/en\/#website"},"datePublished":"2019-11-14T08:50:51+00:00","dateModified":"2022-11-23T00:35:17+00:00","breadcrumb":{"@id":"https:\/\/www.kirbiyik.av.tr\/en\/galatasaray-2\/#breadcrumb"},"inLanguage":"en-US","potentialAction":[{"@type":"ReadAction","target":["https:\/\/www.kirbiyik.av.tr\/en\/galatasaray-2\/"]}]},{"@type":"BreadcrumbList","@id":"https:\/\/www.kirbiyik.av.tr\/en\/galatasaray-2\/#breadcrumb","itemListElement":[{"@type":"ListItem","position":1,"name":"Home","item":"https:\/\/www.kirbiyik.av.tr\/en\/"},{"@type":"ListItem","position":2,"name":"Founder of K\u0131rb\u0131y\u0131k Law Firm, Att. \u00d6mer Faruk K\u0131rb\u0131y\u0131k presented statements on the Galatasaray Release Case to A Spor"}]},{"@type":"WebSite","@id":"https:\/\/www.kirbiyik.av.tr\/en\/#website","url":"https:\/\/www.kirbiyik.av.tr\/en\/","name":"K\u0131rb\u0131y\u0131k Law Firm","description":"Avukat \u00d6mer K\u0131rb\u0131y\u0131k","publisher":{"@id":"https:\/\/www.kirbiyik.av.tr\/en\/#organization"},"potentialAction":[{"@type":"SearchAction","target":{"@type":"EntryPoint","urlTemplate":"https:\/\/www.kirbiyik.av.tr\/en\/?s={search_term_string}"},"query-input":"required name=search_term_string"}],"inLanguage":"en-US"},{"@type":"Organization","@id":"https:\/\/www.kirbiyik.av.tr\/en\/#organization","name":"K\u0131rb\u0131y\u0131k Law Firm","url":"https:\/\/www.kirbiyik.av.tr\/en\/","logo":{"@type":"ImageObject","inLanguage":"en-US","@id":"https:\/\/www.kirbiyik.av.tr\/en\/#\/schema\/logo\/image\/","url":"https:\/\/www.kirbiyik.av.tr\/en\/wp-content\/uploads\/2023\/06\/kiribiyik-logo.jpeg","contentUrl":"https:\/\/www.kirbiyik.av.tr\/en\/wp-content\/uploads\/2023\/06\/kiribiyik-logo.jpeg","width":200,"height":200,"caption":"K\u0131rb\u0131y\u0131k Law Firm"},"image":{"@id":"https:\/\/www.kirbiyik.av.tr\/en\/#\/schema\/logo\/image\/"},"sameAs":["https:\/\/www.linkedin.com\/company\/kirbiyik-law-firm\/"]},{"@type":"Person","@id":"https:\/\/www.kirbiyik.av.tr\/en\/#\/schema\/person\/89d8902a861707f03dedbee8d4e882d1","name":"K\u0131rb\u0131y\u0131k Hukuk B\u00fcrosu","image":{"@type":"ImageObject","inLanguage":"en-US","@id":"https:\/\/www.kirbiyik.av.tr\/en\/#\/schema\/person\/image\/","url":"https:\/\/secure.gravatar.com\/avatar\/dae4b81e0c66fbaefac71718e8d23180?s=96&d=mm&r=g","contentUrl":"https:\/\/secure.gravatar.com\/avatar\/dae4b81e0c66fbaefac71718e8d23180?s=96&d=mm&r=g","caption":"K\u0131rb\u0131y\u0131k Hukuk B\u00fcrosu"},"sameAs":["http:\/\/www.kirbiyik.av.tr\/en"],"url":"https:\/\/www.kirbiyik.av.tr\/en\/author\/admin\/"}]}},"_links":{"self":[{"href":"https:\/\/www.kirbiyik.av.tr\/en\/wp-json\/wp\/v2\/posts\/864"}],"collection":[{"href":"https:\/\/www.kirbiyik.av.tr\/en\/wp-json\/wp\/v2\/posts"}],"about":[{"href":"https:\/\/www.kirbiyik.av.tr\/en\/wp-json\/wp\/v2\/types\/post"}],"author":[{"embeddable":true,"href":"https:\/\/www.kirbiyik.av.tr\/en\/wp-json\/wp\/v2\/users\/1"}],"replies":[{"embeddable":true,"href":"https:\/\/www.kirbiyik.av.tr\/en\/wp-json\/wp\/v2\/comments?post=864"}],"version-history":[{"count":8,"href":"https:\/\/www.kirbiyik.av.tr\/en\/wp-json\/wp\/v2\/posts\/864\/revisions"}],"predecessor-version":[{"id":956,"href":"https:\/\/www.kirbiyik.av.tr\/en\/wp-json\/wp\/v2\/posts\/864\/revisions\/956"}],"wp:featuredmedia":[{"embeddable":true,"href":"https:\/\/www.kirbiyik.av.tr\/en\/wp-json\/wp\/v2\/media\/829"}],"wp:attachment":[{"href":"https:\/\/www.kirbiyik.av.tr\/en\/wp-json\/wp\/v2\/media?parent=864"}],"wp:term":[{"taxonomy":"category","embeddable":true,"href":"https:\/\/www.kirbiyik.av.tr\/en\/wp-json\/wp\/v2\/categories?post=864"},{"taxonomy":"post_tag","embeddable":true,"href":"https:\/\/www.kirbiyik.av.tr\/en\/wp-json\/wp\/v2\/tags?post=864"}],"curies":[{"name":"wp","href":"https:\/\/api.w.org\/{rel}","templated":true}]}}