{"id":828,"date":"2019-07-11T11:25:23","date_gmt":"2019-07-11T11:25:23","guid":{"rendered":"http:\/\/www.kirbiyik.av.tr\/en\/?p=828"},"modified":"2022-11-23T00:36:58","modified_gmt":"2022-11-23T00:36:58","slug":"galatasaray-3","status":"publish","type":"post","link":"https:\/\/www.kirbiyik.av.tr\/en\/galatasaray-3\/","title":{"rendered":"Lawyer of the Galatasaray&#8217;s Board of Directors, Att. \u00d6mer Faruk K\u0131rb\u0131y\u0131k presented statements on the Galatasaray Release Case"},"content":{"rendered":"\t\t<div data-elementor-type=\"wp-post\" data-elementor-id=\"828\" class=\"elementor elementor-828\">\n\t\t\t\t\t\t<div class=\"elementor-inner\">\n\t\t\t\t<div class=\"elementor-section-wrap\">\n\t\t\t\t\t\t\t\t\t<section class=\"elementor-section elementor-top-section elementor-element elementor-element-6f6d611f elementor-hidden-tablet elementor-hidden-phone elementor-section-boxed elementor-section-height-default elementor-section-height-default\" data-id=\"6f6d611f\" data-element_type=\"section\">\n\t\t\t\t\t\t<div class=\"elementor-container elementor-column-gap-default\">\n\t\t\t\t\t\t\t<div class=\"elementor-row\">\n\t\t\t\t\t<div class=\"elementor-column elementor-col-33 elementor-top-column elementor-element elementor-element-19e34b7b\" data-id=\"19e34b7b\" data-element_type=\"column\">\n\t\t\t<div class=\"elementor-column-wrap\">\n\t\t\t\t\t\t\t<div class=\"elementor-widget-wrap\">\n\t\t\t\t\t\t\t\t<\/div>\n\t\t\t\t\t<\/div>\n\t\t<\/div>\n\t\t\t\t<div class=\"elementor-column elementor-col-33 elementor-top-column elementor-element elementor-element-57ee3ec4\" data-id=\"57ee3ec4\" data-element_type=\"column\">\n\t\t\t<div class=\"elementor-column-wrap elementor-element-populated\">\n\t\t\t\t\t\t\t<div class=\"elementor-widget-wrap\">\n\t\t\t\t\t\t<div class=\"elementor-element elementor-element-24500bc9 elementor-widget elementor-widget-heading\" data-id=\"24500bc9\" data-element_type=\"widget\" data-widget_type=\"heading.default\">\n\t\t\t\t<div class=\"elementor-widget-container\">\n\t\t\t<h2 class=\"elementor-heading-title elementor-size-default\">Lawyer of the Galatasaray's Board of Directors, Att. \u00d6mer Faruk K\u0131rb\u0131y\u0131k presented statements on the Galatasaray Release Case.<\/h2>\t\t<\/div>\n\t\t\t\t<\/div>\n\t\t\t\t<div class=\"elementor-element elementor-element-3d1c0b4 elementor-widget elementor-widget-video\" data-id=\"3d1c0b4\" data-element_type=\"widget\" data-settings=\"{&quot;youtube_url&quot;:&quot;https:\\\/\\\/www.youtube.com\\\/watch?v=nCVH7KS2iYk&quot;,&quot;video_type&quot;:&quot;youtube&quot;,&quot;controls&quot;:&quot;yes&quot;}\" data-widget_type=\"video.default\">\n\t\t\t\t<div class=\"elementor-widget-container\">\n\t\t\t\t\t<div class=\"elementor-wrapper elementor-open-inline\">\n\t\t\t<div class=\"elementor-video\"><\/div>\t\t<\/div>\n\t\t\t\t<\/div>\n\t\t\t\t<\/div>\n\t\t\t\t<div class=\"elementor-element elementor-element-a29c74f elementor-widget elementor-widget-text-editor\" data-id=\"a29c74f\" data-element_type=\"widget\" data-widget_type=\"text-editor.default\">\n\t\t\t\t<div class=\"elementor-widget-container\">\n\t\t\t\t\t\t\t\t<div class=\"elementor-text-editor elementor-clearfix\">\n\t\t\t\t<p>K\u0131rb\u0131y\u0131k Law Firm is pleased to represent the Galatasaray&#8217;s Board of Directors during the legal process against the general assembly&#8217;s decision regarding the administrative non-release of the Board of Directors of Galatasaray Sports Club, led by Mustafa Cengiz.<\/p><p>The hearing regarding the objection raised following the suspension of the enforcement of the decision not to release the members of the Board of Directors of the Galatasaray Sports Club Association through the injunctions taken, was held at Istanbul \u00c7a\u011flayan Courthouse.<\/p><p>Upon the Court&#8217;s decision on the refusal of objection, maintenance of the injunction and continuance of Galatasaray&#8217;s Board of Directors, Att. \u00d6mer Faruk K\u0131rb\u0131y\u0131k presented statements to the press on behalf of Galatasaray.<\/p><p><a title=\"TRT SPOR\" href=\"https:\/\/twitter.com\/trtspor\/status\/1149234804992421889\" target=\"_blank\" rel=\"noopener\">TRT SPOR, <\/a><a title=\"BEIN SPORTS\" href=\"https:\/\/tr.beinsports.com\/haber\/mahkemeden-galatasaray-karari-cikti\" target=\"_blank\" rel=\"noopener\">BEIN SPORTS, <\/a><a title=\"NTV\" href=\"https:\/\/www.ntvspor.net\/video-galeri\/yonetimin-secime-gitme-zorunlulugu-kalmadi-5d2715788783b216a81eb8e9\" target=\"_blank\" rel=\"noopener\">NTV<\/a>,\u00a0<a title=\"MYNET\" href=\"https:\/\/www.mynet.com\/goruntulu-galatasaray-avukati-omer-faruk-kirbiyik-bugun-cikan-sonuctan-memnunuz-5783162-myvideo\" target=\"_blank\" rel=\"noopener\">MYNET<\/a>,\u00a0<a title=\"FOTOMA\u00c7\" href=\"https:\/\/www.fotomac.com.tr\/webtv\/videoizle\/galatasaray-icin-cok-onemli-bir-karar\" target=\"_blank\" rel=\"noopener\">FOTOMA\u00c7<\/a>,<\/p><p><a title=\"FUTBOL ARENA\" href=\"https:\/\/www.futbolarena.com\/omer-faruk-kirbiyik-galatasaray-taraftarinin-hicbir-endisesi-olmasin-72495v\/\" target=\"_blank\" rel=\"noopener\">FUTBOL ARENA<\/a>,<\/p>\t\t\t\t\t<\/div>\n\t\t\t\t\t\t<\/div>\n\t\t\t\t<\/div>\n\t\t\t\t\t\t<\/div>\n\t\t\t\t\t<\/div>\n\t\t<\/div>\n\t\t\t\t<div class=\"elementor-column elementor-col-33 elementor-top-column elementor-element elementor-element-285422f5\" data-id=\"285422f5\" data-element_type=\"column\">\n\t\t\t<div class=\"elementor-column-wrap\">\n\t\t\t\t\t\t\t<div class=\"elementor-widget-wrap\">\n\t\t\t\t\t\t\t\t<\/div>\n\t\t\t\t\t<\/div>\n\t\t<\/div>\n\t\t\t\t\t\t\t\t<\/div>\n\t\t\t\t\t<\/div>\n\t\t<\/section>\n\t\t\t\t<section class=\"elementor-section elementor-top-section elementor-element elementor-element-49ffc4b1 elementor-section-stretched elementor-section-full_width elementor-hidden-desktop elementor-hidden-tablet elementor-section-height-default elementor-section-height-default\" data-id=\"49ffc4b1\" data-element_type=\"section\" data-settings=\"{&quot;stretch_section&quot;:&quot;section-stretched&quot;}\">\n\t\t\t\t\t\t<div class=\"elementor-container elementor-column-gap-default\">\n\t\t\t\t\t\t\t<div class=\"elementor-row\">\n\t\t\t\t\t<div class=\"elementor-column elementor-col-33 elementor-top-column elementor-element elementor-element-5a781f0e\" data-id=\"5a781f0e\" data-element_type=\"column\">\n\t\t\t<div class=\"elementor-column-wrap\">\n\t\t\t\t\t\t\t<div class=\"elementor-widget-wrap\">\n\t\t\t\t\t\t\t\t<\/div>\n\t\t\t\t\t<\/div>\n\t\t<\/div>\n\t\t\t\t<div class=\"elementor-column elementor-col-33 elementor-top-column elementor-element elementor-element-2e033c42\" data-id=\"2e033c42\" data-element_type=\"column\">\n\t\t\t<div class=\"elementor-column-wrap elementor-element-populated\">\n\t\t\t\t\t\t\t<div class=\"elementor-widget-wrap\">\n\t\t\t\t\t\t<div class=\"elementor-element elementor-element-10770a51 elementor-widget elementor-widget-heading\" data-id=\"10770a51\" data-element_type=\"widget\" data-widget_type=\"heading.default\">\n\t\t\t\t<div class=\"elementor-widget-container\">\n\t\t\t<h2 class=\"elementor-heading-title elementor-size-default\">Lawyer of the Galatasaray's Board of Directors, Att. \u00d6mer Faruk K\u0131rb\u0131y\u0131k presented statements on the Galatasaray Release Case.<\/h2>\t\t<\/div>\n\t\t\t\t<\/div>\n\t\t\t\t<div class=\"elementor-element elementor-element-5a16446 elementor-widget elementor-widget-video\" data-id=\"5a16446\" data-element_type=\"widget\" data-settings=\"{&quot;youtube_url&quot;:&quot;https:\\\/\\\/www.youtube.com\\\/watch?v=nCVH7KS2iYk&quot;,&quot;video_type&quot;:&quot;youtube&quot;,&quot;controls&quot;:&quot;yes&quot;}\" data-widget_type=\"video.default\">\n\t\t\t\t<div class=\"elementor-widget-container\">\n\t\t\t\t\t<div class=\"elementor-wrapper elementor-open-inline\">\n\t\t\t<div class=\"elementor-video\"><\/div>\t\t<\/div>\n\t\t\t\t<\/div>\n\t\t\t\t<\/div>\n\t\t\t\t<div class=\"elementor-element elementor-element-60956807 elementor-widget elementor-widget-text-editor\" data-id=\"60956807\" data-element_type=\"widget\" data-widget_type=\"text-editor.default\">\n\t\t\t\t<div class=\"elementor-widget-container\">\n\t\t\t\t\t\t\t\t<div class=\"elementor-text-editor elementor-clearfix\">\n\t\t\t\t<p>K\u0131rb\u0131y\u0131k Law Firm is pleased to represent the Galatasaray&#8217;s Board of Directors during the legal process against the general assembly&#8217;s decision regarding the administrative non-release of the Board of Directors of Galatasaray Sports Club, led by Mustafa Cengiz.<\/p>\n<p>The hearing regarding the objection raised following the suspension of the enforcement of the decision not to release the members of the Board of Directors of the Galatasaray Sports Club Association through the injunctions taken, was held at Istanbul \u00c7a\u011flayan Courthouse.<\/p>\n<p>Upon the Court&#8217;s decision on the refusal of objection, maintenance of the injunction and continuance of Galatasaray&#8217;s Board of Directors, Att. \u00d6mer Faruk K\u0131rb\u0131y\u0131k presented statements to the press on behalf of Galatasaray.<\/p>\n<p><a title=\"TRT SPOR\" href=\"https:\/\/twitter.com\/trtspor\/status\/1149234804992421889\" target=\"_blank\" rel=\"noopener\">TRT SPOR, <\/a><a title=\"BEIN SPORTS\" href=\"https:\/\/tr.beinsports.com\/haber\/mahkemeden-galatasaray-karari-cikti\" target=\"_blank\" rel=\"noopener\">BEIN SPORTS, <\/a><a title=\"NTV\" href=\"https:\/\/www.ntvspor.net\/video-galeri\/yonetimin-secime-gitme-zorunlulugu-kalmadi-5d2715788783b216a81eb8e9\" target=\"_blank\" rel=\"noopener\">NTV<\/a>,&nbsp;<a title=\"MYNET\" href=\"https:\/\/www.mynet.com\/goruntulu-galatasaray-avukati-omer-faruk-kirbiyik-bugun-cikan-sonuctan-memnunuz-5783162-myvideo\" target=\"_blank\" rel=\"noopener\">MYNET<\/a>,&nbsp;<a title=\"FOTOMA\u00c7\" href=\"https:\/\/www.fotomac.com.tr\/webtv\/videoizle\/galatasaray-icin-cok-onemli-bir-karar\" target=\"_blank\" rel=\"noopener\">FOTOMA\u00c7<\/a>,<\/p>\n<p><a title=\"FUTBOL ARENA\" href=\"https:\/\/www.futbolarena.com\/omer-faruk-kirbiyik-galatasaray-taraftarinin-hicbir-endisesi-olmasin-72495v\/\" target=\"_blank\" rel=\"noopener\">FUTBOL ARENA<\/a>,<\/p>\t\t\t\t\t<\/div>\n\t\t\t\t\t\t<\/div>\n\t\t\t\t<\/div>\n\t\t\t\t\t\t<\/div>\n\t\t\t\t\t<\/div>\n\t\t<\/div>\n\t\t\t\t<div class=\"elementor-column elementor-col-33 elementor-top-column elementor-element elementor-element-73915fa5\" data-id=\"73915fa5\" data-element_type=\"column\">\n\t\t\t<div class=\"elementor-column-wrap\">\n\t\t\t\t\t\t\t<div class=\"elementor-widget-wrap\">\n\t\t\t\t\t\t\t\t<\/div>\n\t\t\t\t\t<\/div>\n\t\t<\/div>\n\t\t\t\t\t\t\t\t<\/div>\n\t\t\t\t\t<\/div>\n\t\t<\/section>\n\t\t\t\t\t\t\t\t\t<\/div>\n\t\t\t<\/div>\n\t\t\t\t\t<\/div>\n\t\t","protected":false},"excerpt":{"rendered":"<p>Following the hearing of the appeal against the interlocutory injunction, which eliminates the consequences of the administrative non-release of the Board of Directors of Galatasaray in the general assembly, Att. \u00d6mer Faruk K\u0131rb\u0131y\u0131k presented statements to the press on behalf of the Galatasaray management.<\/p>\n","protected":false},"author":1,"featured_media":829,"comment_status":"closed","ping_status":"open","sticky":false,"template":"","format":"standard","meta":[],"categories":[56,51],"tags":[68,74,70,66,61,73,67,75,72,76,69,60,71],"yoast_head":"<!-- This site is optimized with the Yoast SEO plugin v20.8 - https:\/\/yoast.com\/wordpress\/plugins\/seo\/ -->\n<title>Lawyer of the Galatasaray&#039;s Board of Directors, Att. \u00d6mer Faruk K\u0131rb\u0131y\u0131k presented statements on the Galatasaray Release Case | K\u0131rb\u0131y\u0131k Law Firm<\/title>\n<meta name=\"robots\" content=\"index, follow, max-snippet:-1, max-image-preview:large, max-video-preview:-1\" \/>\n<link rel=\"canonical\" href=\"https:\/\/www.kirbiyik.av.tr\/en\/galatasaray-3\/\" \/>\n<meta property=\"og:locale\" content=\"en_US\" \/>\n<meta property=\"og:type\" content=\"article\" \/>\n<meta property=\"og:title\" content=\"Lawyer of the Galatasaray&#039;s Board of Directors, Att. \u00d6mer Faruk K\u0131rb\u0131y\u0131k presented statements on the Galatasaray Release Case | K\u0131rb\u0131y\u0131k Law Firm\" \/>\n<meta property=\"og:description\" content=\"Following the hearing of the appeal against the interlocutory injunction, which eliminates the consequences of the administrative non-release of the Board of Directors of Galatasaray in the general assembly, Att. \u00d6mer Faruk K\u0131rb\u0131y\u0131k presented statements to the press on behalf of the Galatasaray management.\" \/>\n<meta property=\"og:url\" content=\"https:\/\/www.kirbiyik.av.tr\/en\/galatasaray-3\/\" \/>\n<meta property=\"og:site_name\" content=\"K\u0131rb\u0131y\u0131k Law Firm\" \/>\n<meta property=\"article:published_time\" content=\"2019-07-11T11:25:23+00:00\" \/>\n<meta property=\"article:modified_time\" content=\"2022-11-23T00:36:58+00:00\" \/>\n<meta property=\"og:image\" content=\"https:\/\/www.kirbiyik.av.tr\/en\/wp-content\/uploads\/2020\/09\/11-11-2019-kirbiyik-gs-1.jpg\" \/>\n\t<meta property=\"og:image:width\" content=\"1200\" \/>\n\t<meta property=\"og:image:height\" content=\"800\" \/>\n\t<meta property=\"og:image:type\" content=\"image\/jpeg\" \/>\n<meta name=\"author\" content=\"K\u0131rb\u0131y\u0131k Hukuk B\u00fcrosu\" \/>\n<meta name=\"twitter:card\" content=\"summary_large_image\" \/>\n<meta name=\"twitter:label1\" content=\"Written by\" \/>\n\t<meta name=\"twitter:data1\" content=\"K\u0131rb\u0131y\u0131k Hukuk B\u00fcrosu\" \/>\n\t<meta name=\"twitter:label2\" content=\"Est. reading time\" \/>\n\t<meta name=\"twitter:data2\" content=\"2 minutes\" \/>\n<script type=\"application\/ld+json\" class=\"yoast-schema-graph\">{\"@context\":\"https:\/\/schema.org\",\"@graph\":[{\"@type\":\"Article\",\"@id\":\"https:\/\/www.kirbiyik.av.tr\/en\/galatasaray-3\/#article\",\"isPartOf\":{\"@id\":\"https:\/\/www.kirbiyik.av.tr\/en\/galatasaray-3\/\"},\"author\":{\"name\":\"K\u0131rb\u0131y\u0131k Hukuk B\u00fcrosu\",\"@id\":\"https:\/\/www.kirbiyik.av.tr\/en\/#\/schema\/person\/89d8902a861707f03dedbee8d4e882d1\"},\"headline\":\"Lawyer of the Galatasaray&#8217;s Board of Directors, Att. \u00d6mer Faruk K\u0131rb\u0131y\u0131k presented statements on the Galatasaray Release Case\",\"datePublished\":\"2019-07-11T11:25:23+00:00\",\"dateModified\":\"2022-11-23T00:36:58+00:00\",\"mainEntityOfPage\":{\"@id\":\"https:\/\/www.kirbiyik.av.tr\/en\/galatasaray-3\/\"},\"wordCount\":337,\"publisher\":{\"@id\":\"https:\/\/www.kirbiyik.av.tr\/en\/#organization\"},\"keywords\":[\"Consultant\",\"Corporate\",\"Funding\",\"Investment\",\"Istanbul\",\"Istanbul Lawyer\",\"Lawyer\",\"Litigation and Dispute Resolution\",\"Maslak Lawyer\",\"Mergers and Acquisition\",\"Startups\",\"Turkey\",\"Venture Capital Investments\"],\"articleSection\":[\"All\",\"News\"],\"inLanguage\":\"en-US\"},{\"@type\":\"WebPage\",\"@id\":\"https:\/\/www.kirbiyik.av.tr\/en\/galatasaray-3\/\",\"url\":\"https:\/\/www.kirbiyik.av.tr\/en\/galatasaray-3\/\",\"name\":\"Lawyer of the Galatasaray's Board of Directors, Att. \u00d6mer Faruk K\u0131rb\u0131y\u0131k presented statements on the Galatasaray Release Case | K\u0131rb\u0131y\u0131k Law Firm\",\"isPartOf\":{\"@id\":\"https:\/\/www.kirbiyik.av.tr\/en\/#website\"},\"datePublished\":\"2019-07-11T11:25:23+00:00\",\"dateModified\":\"2022-11-23T00:36:58+00:00\",\"breadcrumb\":{\"@id\":\"https:\/\/www.kirbiyik.av.tr\/en\/galatasaray-3\/#breadcrumb\"},\"inLanguage\":\"en-US\",\"potentialAction\":[{\"@type\":\"ReadAction\",\"target\":[\"https:\/\/www.kirbiyik.av.tr\/en\/galatasaray-3\/\"]}]},{\"@type\":\"BreadcrumbList\",\"@id\":\"https:\/\/www.kirbiyik.av.tr\/en\/galatasaray-3\/#breadcrumb\",\"itemListElement\":[{\"@type\":\"ListItem\",\"position\":1,\"name\":\"Home\",\"item\":\"https:\/\/www.kirbiyik.av.tr\/en\/\"},{\"@type\":\"ListItem\",\"position\":2,\"name\":\"Lawyer of the Galatasaray&#8217;s Board of Directors, Att. \u00d6mer Faruk K\u0131rb\u0131y\u0131k presented statements on the Galatasaray Release Case\"}]},{\"@type\":\"WebSite\",\"@id\":\"https:\/\/www.kirbiyik.av.tr\/en\/#website\",\"url\":\"https:\/\/www.kirbiyik.av.tr\/en\/\",\"name\":\"K\u0131rb\u0131y\u0131k Law Firm\",\"description\":\"Avukat \u00d6mer K\u0131rb\u0131y\u0131k\",\"publisher\":{\"@id\":\"https:\/\/www.kirbiyik.av.tr\/en\/#organization\"},\"potentialAction\":[{\"@type\":\"SearchAction\",\"target\":{\"@type\":\"EntryPoint\",\"urlTemplate\":\"https:\/\/www.kirbiyik.av.tr\/en\/?s={search_term_string}\"},\"query-input\":\"required name=search_term_string\"}],\"inLanguage\":\"en-US\"},{\"@type\":\"Organization\",\"@id\":\"https:\/\/www.kirbiyik.av.tr\/en\/#organization\",\"name\":\"K\u0131rb\u0131y\u0131k Law Firm\",\"url\":\"https:\/\/www.kirbiyik.av.tr\/en\/\",\"logo\":{\"@type\":\"ImageObject\",\"inLanguage\":\"en-US\",\"@id\":\"https:\/\/www.kirbiyik.av.tr\/en\/#\/schema\/logo\/image\/\",\"url\":\"https:\/\/www.kirbiyik.av.tr\/en\/wp-content\/uploads\/2023\/06\/kiribiyik-logo.jpeg\",\"contentUrl\":\"https:\/\/www.kirbiyik.av.tr\/en\/wp-content\/uploads\/2023\/06\/kiribiyik-logo.jpeg\",\"width\":200,\"height\":200,\"caption\":\"K\u0131rb\u0131y\u0131k Law Firm\"},\"image\":{\"@id\":\"https:\/\/www.kirbiyik.av.tr\/en\/#\/schema\/logo\/image\/\"},\"sameAs\":[\"https:\/\/www.linkedin.com\/company\/kirbiyik-law-firm\/\"]},{\"@type\":\"Person\",\"@id\":\"https:\/\/www.kirbiyik.av.tr\/en\/#\/schema\/person\/89d8902a861707f03dedbee8d4e882d1\",\"name\":\"K\u0131rb\u0131y\u0131k Hukuk B\u00fcrosu\",\"image\":{\"@type\":\"ImageObject\",\"inLanguage\":\"en-US\",\"@id\":\"https:\/\/www.kirbiyik.av.tr\/en\/#\/schema\/person\/image\/\",\"url\":\"https:\/\/secure.gravatar.com\/avatar\/dae4b81e0c66fbaefac71718e8d23180?s=96&d=mm&r=g\",\"contentUrl\":\"https:\/\/secure.gravatar.com\/avatar\/dae4b81e0c66fbaefac71718e8d23180?s=96&d=mm&r=g\",\"caption\":\"K\u0131rb\u0131y\u0131k Hukuk B\u00fcrosu\"},\"sameAs\":[\"http:\/\/www.kirbiyik.av.tr\/en\"],\"url\":\"https:\/\/www.kirbiyik.av.tr\/en\/author\/admin\/\"}]}<\/script>\n<!-- \/ Yoast SEO plugin. -->","yoast_head_json":{"title":"Lawyer of the Galatasaray's Board of Directors, Att. \u00d6mer Faruk K\u0131rb\u0131y\u0131k presented statements on the Galatasaray Release Case | K\u0131rb\u0131y\u0131k Law Firm","robots":{"index":"index","follow":"follow","max-snippet":"max-snippet:-1","max-image-preview":"max-image-preview:large","max-video-preview":"max-video-preview:-1"},"canonical":"https:\/\/www.kirbiyik.av.tr\/en\/galatasaray-3\/","og_locale":"en_US","og_type":"article","og_title":"Lawyer of the Galatasaray's Board of Directors, Att. \u00d6mer Faruk K\u0131rb\u0131y\u0131k presented statements on the Galatasaray Release Case | K\u0131rb\u0131y\u0131k Law Firm","og_description":"Following the hearing of the appeal against the interlocutory injunction, which eliminates the consequences of the administrative non-release of the Board of Directors of Galatasaray in the general assembly, Att. \u00d6mer Faruk K\u0131rb\u0131y\u0131k presented statements to the press on behalf of the Galatasaray management.","og_url":"https:\/\/www.kirbiyik.av.tr\/en\/galatasaray-3\/","og_site_name":"K\u0131rb\u0131y\u0131k Law Firm","article_published_time":"2019-07-11T11:25:23+00:00","article_modified_time":"2022-11-23T00:36:58+00:00","og_image":[{"width":1200,"height":800,"url":"https:\/\/www.kirbiyik.av.tr\/en\/wp-content\/uploads\/2020\/09\/11-11-2019-kirbiyik-gs-1.jpg","type":"image\/jpeg"}],"author":"K\u0131rb\u0131y\u0131k Hukuk B\u00fcrosu","twitter_card":"summary_large_image","twitter_misc":{"Written by":"K\u0131rb\u0131y\u0131k Hukuk B\u00fcrosu","Est. reading time":"2 minutes"},"schema":{"@context":"https:\/\/schema.org","@graph":[{"@type":"Article","@id":"https:\/\/www.kirbiyik.av.tr\/en\/galatasaray-3\/#article","isPartOf":{"@id":"https:\/\/www.kirbiyik.av.tr\/en\/galatasaray-3\/"},"author":{"name":"K\u0131rb\u0131y\u0131k Hukuk B\u00fcrosu","@id":"https:\/\/www.kirbiyik.av.tr\/en\/#\/schema\/person\/89d8902a861707f03dedbee8d4e882d1"},"headline":"Lawyer of the Galatasaray&#8217;s Board of Directors, Att. \u00d6mer Faruk K\u0131rb\u0131y\u0131k presented statements on the Galatasaray Release Case","datePublished":"2019-07-11T11:25:23+00:00","dateModified":"2022-11-23T00:36:58+00:00","mainEntityOfPage":{"@id":"https:\/\/www.kirbiyik.av.tr\/en\/galatasaray-3\/"},"wordCount":337,"publisher":{"@id":"https:\/\/www.kirbiyik.av.tr\/en\/#organization"},"keywords":["Consultant","Corporate","Funding","Investment","Istanbul","Istanbul Lawyer","Lawyer","Litigation and Dispute Resolution","Maslak Lawyer","Mergers and Acquisition","Startups","Turkey","Venture Capital Investments"],"articleSection":["All","News"],"inLanguage":"en-US"},{"@type":"WebPage","@id":"https:\/\/www.kirbiyik.av.tr\/en\/galatasaray-3\/","url":"https:\/\/www.kirbiyik.av.tr\/en\/galatasaray-3\/","name":"Lawyer of the Galatasaray's Board of Directors, Att. \u00d6mer Faruk K\u0131rb\u0131y\u0131k presented statements on the Galatasaray Release Case | K\u0131rb\u0131y\u0131k Law Firm","isPartOf":{"@id":"https:\/\/www.kirbiyik.av.tr\/en\/#website"},"datePublished":"2019-07-11T11:25:23+00:00","dateModified":"2022-11-23T00:36:58+00:00","breadcrumb":{"@id":"https:\/\/www.kirbiyik.av.tr\/en\/galatasaray-3\/#breadcrumb"},"inLanguage":"en-US","potentialAction":[{"@type":"ReadAction","target":["https:\/\/www.kirbiyik.av.tr\/en\/galatasaray-3\/"]}]},{"@type":"BreadcrumbList","@id":"https:\/\/www.kirbiyik.av.tr\/en\/galatasaray-3\/#breadcrumb","itemListElement":[{"@type":"ListItem","position":1,"name":"Home","item":"https:\/\/www.kirbiyik.av.tr\/en\/"},{"@type":"ListItem","position":2,"name":"Lawyer of the Galatasaray&#8217;s Board of Directors, Att. \u00d6mer Faruk K\u0131rb\u0131y\u0131k presented statements on the Galatasaray Release Case"}]},{"@type":"WebSite","@id":"https:\/\/www.kirbiyik.av.tr\/en\/#website","url":"https:\/\/www.kirbiyik.av.tr\/en\/","name":"K\u0131rb\u0131y\u0131k Law Firm","description":"Avukat \u00d6mer K\u0131rb\u0131y\u0131k","publisher":{"@id":"https:\/\/www.kirbiyik.av.tr\/en\/#organization"},"potentialAction":[{"@type":"SearchAction","target":{"@type":"EntryPoint","urlTemplate":"https:\/\/www.kirbiyik.av.tr\/en\/?s={search_term_string}"},"query-input":"required name=search_term_string"}],"inLanguage":"en-US"},{"@type":"Organization","@id":"https:\/\/www.kirbiyik.av.tr\/en\/#organization","name":"K\u0131rb\u0131y\u0131k Law Firm","url":"https:\/\/www.kirbiyik.av.tr\/en\/","logo":{"@type":"ImageObject","inLanguage":"en-US","@id":"https:\/\/www.kirbiyik.av.tr\/en\/#\/schema\/logo\/image\/","url":"https:\/\/www.kirbiyik.av.tr\/en\/wp-content\/uploads\/2023\/06\/kiribiyik-logo.jpeg","contentUrl":"https:\/\/www.kirbiyik.av.tr\/en\/wp-content\/uploads\/2023\/06\/kiribiyik-logo.jpeg","width":200,"height":200,"caption":"K\u0131rb\u0131y\u0131k Law Firm"},"image":{"@id":"https:\/\/www.kirbiyik.av.tr\/en\/#\/schema\/logo\/image\/"},"sameAs":["https:\/\/www.linkedin.com\/company\/kirbiyik-law-firm\/"]},{"@type":"Person","@id":"https:\/\/www.kirbiyik.av.tr\/en\/#\/schema\/person\/89d8902a861707f03dedbee8d4e882d1","name":"K\u0131rb\u0131y\u0131k Hukuk B\u00fcrosu","image":{"@type":"ImageObject","inLanguage":"en-US","@id":"https:\/\/www.kirbiyik.av.tr\/en\/#\/schema\/person\/image\/","url":"https:\/\/secure.gravatar.com\/avatar\/dae4b81e0c66fbaefac71718e8d23180?s=96&d=mm&r=g","contentUrl":"https:\/\/secure.gravatar.com\/avatar\/dae4b81e0c66fbaefac71718e8d23180?s=96&d=mm&r=g","caption":"K\u0131rb\u0131y\u0131k Hukuk B\u00fcrosu"},"sameAs":["http:\/\/www.kirbiyik.av.tr\/en"],"url":"https:\/\/www.kirbiyik.av.tr\/en\/author\/admin\/"}]}},"_links":{"self":[{"href":"https:\/\/www.kirbiyik.av.tr\/en\/wp-json\/wp\/v2\/posts\/828"}],"collection":[{"href":"https:\/\/www.kirbiyik.av.tr\/en\/wp-json\/wp\/v2\/posts"}],"about":[{"href":"https:\/\/www.kirbiyik.av.tr\/en\/wp-json\/wp\/v2\/types\/post"}],"author":[{"embeddable":true,"href":"https:\/\/www.kirbiyik.av.tr\/en\/wp-json\/wp\/v2\/users\/1"}],"replies":[{"embeddable":true,"href":"https:\/\/www.kirbiyik.av.tr\/en\/wp-json\/wp\/v2\/comments?post=828"}],"version-history":[{"count":27,"href":"https:\/\/www.kirbiyik.av.tr\/en\/wp-json\/wp\/v2\/posts\/828\/revisions"}],"predecessor-version":[{"id":1301,"href":"https:\/\/www.kirbiyik.av.tr\/en\/wp-json\/wp\/v2\/posts\/828\/revisions\/1301"}],"wp:featuredmedia":[{"embeddable":true,"href":"https:\/\/www.kirbiyik.av.tr\/en\/wp-json\/wp\/v2\/media\/829"}],"wp:attachment":[{"href":"https:\/\/www.kirbiyik.av.tr\/en\/wp-json\/wp\/v2\/media?parent=828"}],"wp:term":[{"taxonomy":"category","embeddable":true,"href":"https:\/\/www.kirbiyik.av.tr\/en\/wp-json\/wp\/v2\/categories?post=828"},{"taxonomy":"post_tag","embeddable":true,"href":"https:\/\/www.kirbiyik.av.tr\/en\/wp-json\/wp\/v2\/tags?post=828"}],"curies":[{"name":"wp","href":"https:\/\/api.w.org\/{rel}","templated":true}]}}